[{"@context":"https:\/\/schema.org\/","@type":"Article","@id":"https:\/\/www.zuhk.cz\/vek-odchodu\/#Article","mainEntityOfPage":"https:\/\/www.zuhk.cz\/vek-odchodu\/","headline":"V\u011bk odchodu","name":"V\u011bk odchodu","description":"V dne\u0161n\u00ed dob\u011b u\u017e tomu nen\u00ed tak jako d\u0159\u00edve. D\u0159\u00edve se lid\u00e9 sna\u017eili o to, aby byli na \u0161kole co [&hellip;]","datePublished":"2020-02-14","dateModified":"2023-05-30","author":{"@type":"Person","@id":"https:\/\/www.zuhk.cz\/author\/#Person","name":"","url":"https:\/\/www.zuhk.cz\/author\/","identifier":1,"image":{"@type":"ImageObject","@id":"https:\/\/secure.gravatar.com\/avatar\/aa13f0f1a5b61a2deba1492ce3bb4afe8e77d91eeb44c23db0ee08765a93abad?s=96&d=mm&r=g","url":"https:\/\/secure.gravatar.com\/avatar\/aa13f0f1a5b61a2deba1492ce3bb4afe8e77d91eeb44c23db0ee08765a93abad?s=96&d=mm&r=g","height":96,"width":96}},"publisher":{"@type":"Organization","name":"zuhk.cz","logo":{"@type":"ImageObject","@id":"\/logo.png","url":"\/logo.png","width":600,"height":60}},"image":{"@type":"ImageObject","@id":"https:\/\/www.zuhk.cz\/wp-content\/uploads\/img_a379643_w4421_t1591178344.jpg","url":"https:\/\/www.zuhk.cz\/wp-content\/uploads\/img_a379643_w4421_t1591178344.jpg","height":0,"width":0},"url":"https:\/\/www.zuhk.cz\/vek-odchodu\/","about":["Finance"],"wordCount":478,"articleBody":"  V dne\u0161n\u00ed dob\u011b u\u017e tomu nen\u00ed tak jako d\u0159\u00edve. D\u0159\u00edve se lid\u00e9 sna\u017eili o to, aby byli na \u0161kole co mo\u017en\u00e1 nejd\u00e9le, pokud to n\u011bjak\u00fdm zp\u016fsobem \u0161lo a nemuseli j\u00edt v brzk\u00e9m v\u011bku pracovat. Dnes je tomu \u00fapln\u011b jinak. Dne\u0161n\u00ed d\u011bti maj\u00ed pocit, \u017ee si vysta\u010d\u00ed  http:\/\/www.dokument-festival.cz\/database\/acc-programme-detail\/24342%257CVas-domaci-festival-Clovek-si-sam-se-sebou-vystaci-resp-nevystaci-Tvare-Medy jen se z\u00e1kladn\u00ed \u0161kolou a hned pot\u00e9 se rozhodnou j\u00edt pracovat. N\u011bco takov\u00e9ho ale nen\u00ed \u00fapln\u011b ide\u00e1ln\u00ed. Ur\u010dit\u011b je v\u00edce ne\u017e dobr\u00e9, pokud m\u00e1 \u010dlov\u011bk alespo\u0148 v\u00fdu\u010dn\u00ed list \u010di maturitu. Takhle by m\u011bl aspo\u0148 n\u011bjakou tu jistotu. N\u011bkte\u0159\u00ed jsou ale takto spokojeni. Samoz\u0159ejm\u011b v\u0161e z\u00e1le\u017e\u00ed na ka\u017ed\u00e9m. Pokud se ale rozhodnete alespo\u0148 pro v\u00fdu\u010dn\u00ed list, pak nep\u0159ijdete zkr\u00e1tka. Pro\u010d? Proto\u017ee budete alespo\u0148 n\u011bco m\u00e1lo o dan\u00e9m oboru v\u011bd\u011bt a budete m\u00edt tak\u00e9 velkou pravd\u011bpodobnost toho, \u017ee se\u017eenete n\u011bjak\u00e9 to slu\u0161n\u00e9 zam\u011bstn\u00e1n\u00ed. Jestli je ale n\u011bco, co by m\u011blo takov\u00e9 mlad\u00e9 lidi znepokojovat, pak je to v\u011bk, ve kter\u00e9m budou moct kone\u010dn\u011b odej\u00edt do d\u016fchodu. Mnohdy si to lid\u00e9 v\u016fbec neuv\u011bdomuj\u00ed, ale hranice v\u011bku odchodu do d\u016fchodu se neust\u00e1le zvy\u0161uje. N\u011bkte\u0159\u00ed se ob\u00e1vaj\u00ed toho, \u017ee budou v budoucnu pracovat i v dob\u011b, kdy jim bude 80 let. Nezb\u00fdv\u00e1 n\u00e1m nic jin\u00e9ho, ne\u017e doufat, \u017ee takhle daleko to nikdy nezajde. Je sice pravda, \u017ee do d\u016fchodu m\u016f\u017eete odej\u00edt v dob\u011b, kdy se ji\u017e nebudete c\u00edtit na to, abyste st\u00e1le pracovali, ale je pot\u0159eba po\u010d\u00edtat s t\u00edm, \u017ee se s t\u00edm poj\u00ed n\u011bjak\u00e9 ty ztr\u00e1ty v podob\u011b financ\u00ed. N\u011bkte\u0159\u00ed se s n\u011b\u010d\u00edm takov\u00fdm nedok\u00e1\u017e\u00ed spokojit a tak z\u016fst\u00e1vaj\u00ed, co nejd\u00e9le to jde. Jsou ale mezi n\u00e1mi tac\u00ed, kter\u00fdm to nevad\u00ed a jsou r\u00e1di za to, \u017ee si kone\u010dn\u011b odpo\u010dinou. Jak\u00fd bude v\u011bk odchodu nebankovni-hypoteky-uvery v dob\u011b, kdy by v\u00e1s m\u011blo n\u011bco takov\u00e9ho \u010dekat, se nyn\u00ed je\u0161t\u011b nedozv\u00edme. Dan\u00e9 \u010d\u00edslo se je\u0161t\u011b mnohokr\u00e1t do t\u00e9 doby jist\u011b zm\u011bn\u00ed. Nezb\u00fdv\u00e1 tedy nic jin\u00e9ho ne\u017e \u010dekat, co uk\u00e1\u017ee s\u00e1m \u010das. Jestli\u017ee se u\u017e na star\u00e1 kolena nebudete c\u00edtit na pr\u00e1ci, pak v\u00e1m doporu\u010dujeme p\u0159ed\u010dasn\u00fd odchod do d\u016fchodu. Je sice pravda, \u017ee o n\u011bjakou tu korunu p\u0159ijdete, ale rozhodn\u011b v\u00e1m to nestoj\u00ed za to, abyste pracovali a\u017e do konce va\u0161eho \u017eivota. \u010clov\u011bk by m\u011bl \u0159e\u0161it takov\u00e9 v\u011bci s rozumem a tak\u00e9 rozvahou.                                                                                                                                                                                                                                                                                                                                                                                         4.1\/5 - (11 votes)        "},{"@context":"https:\/\/schema.org\/","@type":"BreadcrumbList","itemListElement":[{"@type":"ListItem","position":1,"name":"V\u011bk odchodu","item":"https:\/\/www.zuhk.cz\/vek-odchodu\/#breadcrumbitem"}]}]